{"id":672,"date":"2024-10-21T16:06:56","date_gmt":"2024-10-21T14:06:56","guid":{"rendered":"http:\/\/norrea.dk\/friskole\/?p=672"},"modified":"2024-10-21T16:11:14","modified_gmt":"2024-10-21T14:11:14","slug":"sommerferie-2025-lukket-i-uge-29-31","status":"publish","type":"post","link":"https:\/\/norrea.dk\/friskole\/2024\/10\/21\/sommerferie-2025-lukket-i-uge-29-31\/","title":{"rendered":"Sommerferie 2025 (lukket i uge 29-31!)"},"content":{"rendered":"\n<p>V\u00e6r opm\u00e6rksom p\u00e5 at skolen og b\u00f8rnhuset er lukket i ugerne 29-31!!!<\/p>\n","protected":false},"excerpt":{"rendered":"<p>V\u00e6r opm\u00e6rksom p\u00e5 at skolen og b\u00f8rnhuset er lukket i ugerne 29-31!!!<\/p>\n","protected":false},"author":1,"featured_media":0,"comment_status":"closed","ping_status":"closed","sticky":true,"template":"","format":"standard","meta":{"ngg_post_thumbnail":0,"footnotes":""},"categories":[225],"tags":[226,228,227],"class_list":["post-672","post","type-post","status-publish","format-standard","hentry","category-nyheder","tag-ferielukket","tag-lukket","tag-sommerferie"],"yoast_head":"<!-- This site is optimized with the Yoast SEO plugin v27.5 - https:\/\/yoast.com\/product\/yoast-seo-wordpress\/ -->\n<title>Sommerferie 2025 (lukket i uge 29-31!) - N\u00f8rre\u00e5 Friskole<\/title>\n<meta name=\"robots\" content=\"index, follow, max-snippet:-1, max-image-preview:large, max-video-preview:-1\" \/>\n<link rel=\"canonical\" href=\"https:\/\/norrea.dk\/friskole\/2024\/10\/21\/sommerferie-2025-lukket-i-uge-29-31\/\" \/>\n<meta property=\"og:locale\" content=\"da_DK\" \/>\n<meta property=\"og:type\" content=\"article\" \/>\n<meta property=\"og:title\" content=\"Sommerferie 2025 (lukket i uge 29-31!) - N\u00f8rre\u00e5 Friskole\" \/>\n<meta property=\"og:description\" content=\"V\u00e6r opm\u00e6rksom p\u00e5 at skolen og b\u00f8rnhuset er lukket i ugerne 29-31!!!\" \/>\n<meta property=\"og:url\" content=\"https:\/\/norrea.dk\/friskole\/2024\/10\/21\/sommerferie-2025-lukket-i-uge-29-31\/\" \/>\n<meta property=\"og:site_name\" content=\"N\u00f8rre\u00e5 Friskole\" \/>\n<meta property=\"article:published_time\" content=\"2024-10-21T14:06:56+00:00\" \/>\n<meta property=\"article:modified_time\" content=\"2024-10-21T14:11:14+00:00\" \/>\n<meta name=\"author\" content=\"Webmaster\" \/>\n<meta name=\"twitter:card\" content=\"summary_large_image\" \/>\n<meta name=\"twitter:label1\" content=\"Skrevet af\" \/>\n\t<meta name=\"twitter:data1\" content=\"Webmaster\" \/>\n\t<meta name=\"twitter:label2\" content=\"Estimeret l\u00e6setid\" \/>\n\t<meta name=\"twitter:data2\" content=\"1 minut\" \/>\n<script type=\"application\/ld+json\" class=\"yoast-schema-graph\">{\"@context\":\"https:\\\/\\\/schema.org\",\"@graph\":[{\"@type\":\"Article\",\"@id\":\"https:\\\/\\\/norrea.dk\\\/friskole\\\/2024\\\/10\\\/21\\\/sommerferie-2025-lukket-i-uge-29-31\\\/#article\",\"isPartOf\":{\"@id\":\"https:\\\/\\\/norrea.dk\\\/friskole\\\/2024\\\/10\\\/21\\\/sommerferie-2025-lukket-i-uge-29-31\\\/\"},\"author\":{\"name\":\"Webmaster\",\"@id\":\"https:\\\/\\\/norrea.dk\\\/friskole\\\/#\\\/schema\\\/person\\\/430480758c20f5acea3d1081b61a4cf0\"},\"headline\":\"Sommerferie 2025 (lukket i uge 29-31!)\",\"datePublished\":\"2024-10-21T14:06:56+00:00\",\"dateModified\":\"2024-10-21T14:11:14+00:00\",\"mainEntityOfPage\":{\"@id\":\"https:\\\/\\\/norrea.dk\\\/friskole\\\/2024\\\/10\\\/21\\\/sommerferie-2025-lukket-i-uge-29-31\\\/\"},\"wordCount\":20,\"publisher\":{\"@id\":\"https:\\\/\\\/norrea.dk\\\/friskole\\\/#organization\"},\"keywords\":[\"Ferielukket\",\"lukket\",\"Sommerferie\"],\"articleSection\":[\"Nyheder\"],\"inLanguage\":\"da-DK\"},{\"@type\":\"WebPage\",\"@id\":\"https:\\\/\\\/norrea.dk\\\/friskole\\\/2024\\\/10\\\/21\\\/sommerferie-2025-lukket-i-uge-29-31\\\/\",\"url\":\"https:\\\/\\\/norrea.dk\\\/friskole\\\/2024\\\/10\\\/21\\\/sommerferie-2025-lukket-i-uge-29-31\\\/\",\"name\":\"Sommerferie 2025 (lukket i uge 29-31!) - N\u00f8rre\u00e5 Friskole\",\"isPartOf\":{\"@id\":\"https:\\\/\\\/norrea.dk\\\/friskole\\\/#website\"},\"datePublished\":\"2024-10-21T14:06:56+00:00\",\"dateModified\":\"2024-10-21T14:11:14+00:00\",\"breadcrumb\":{\"@id\":\"https:\\\/\\\/norrea.dk\\\/friskole\\\/2024\\\/10\\\/21\\\/sommerferie-2025-lukket-i-uge-29-31\\\/#breadcrumb\"},\"inLanguage\":\"da-DK\",\"potentialAction\":[{\"@type\":\"ReadAction\",\"target\":[\"https:\\\/\\\/norrea.dk\\\/friskole\\\/2024\\\/10\\\/21\\\/sommerferie-2025-lukket-i-uge-29-31\\\/\"]}]},{\"@type\":\"BreadcrumbList\",\"@id\":\"https:\\\/\\\/norrea.dk\\\/friskole\\\/2024\\\/10\\\/21\\\/sommerferie-2025-lukket-i-uge-29-31\\\/#breadcrumb\",\"itemListElement\":[{\"@type\":\"ListItem\",\"position\":1,\"name\":\"Hjem\",\"item\":\"https:\\\/\\\/norrea.dk\\\/friskole\\\/\"},{\"@type\":\"ListItem\",\"position\":2,\"name\":\"Sommerferie 2025 (lukket i uge 29-31!)\"}]},{\"@type\":\"WebSite\",\"@id\":\"https:\\\/\\\/norrea.dk\\\/friskole\\\/#website\",\"url\":\"https:\\\/\\\/norrea.dk\\\/friskole\\\/\",\"name\":\"N\u00f8rre\u00e5 Friskole\",\"description\":\"0. - 9. klasse, SFO\",\"publisher\":{\"@id\":\"https:\\\/\\\/norrea.dk\\\/friskole\\\/#organization\"},\"potentialAction\":[{\"@type\":\"SearchAction\",\"target\":{\"@type\":\"EntryPoint\",\"urlTemplate\":\"https:\\\/\\\/norrea.dk\\\/friskole\\\/?s={search_term_string}\"},\"query-input\":{\"@type\":\"PropertyValueSpecification\",\"valueRequired\":true,\"valueName\":\"search_term_string\"}}],\"inLanguage\":\"da-DK\"},{\"@type\":\"Organization\",\"@id\":\"https:\\\/\\\/norrea.dk\\\/friskole\\\/#organization\",\"name\":\"N\u00f8rre\u00e5 Friskole\",\"url\":\"https:\\\/\\\/norrea.dk\\\/friskole\\\/\",\"logo\":{\"@type\":\"ImageObject\",\"inLanguage\":\"da-DK\",\"@id\":\"https:\\\/\\\/norrea.dk\\\/friskole\\\/#\\\/schema\\\/logo\\\/image\\\/\",\"url\":\"https:\\\/\\\/norrea.dk\\\/friskole\\\/wp-content\\\/uploads\\\/sites\\\/2\\\/2020\\\/03\\\/cropped-logo_portal.png\",\"contentUrl\":\"https:\\\/\\\/norrea.dk\\\/friskole\\\/wp-content\\\/uploads\\\/sites\\\/2\\\/2020\\\/03\\\/cropped-logo_portal.png\",\"width\":283,\"height\":215,\"caption\":\"N\u00f8rre\u00e5 Friskole\"},\"image\":{\"@id\":\"https:\\\/\\\/norrea.dk\\\/friskole\\\/#\\\/schema\\\/logo\\\/image\\\/\"}},{\"@type\":\"Person\",\"@id\":\"https:\\\/\\\/norrea.dk\\\/friskole\\\/#\\\/schema\\\/person\\\/430480758c20f5acea3d1081b61a4cf0\",\"name\":\"Webmaster\",\"image\":{\"@type\":\"ImageObject\",\"inLanguage\":\"da-DK\",\"@id\":\"https:\\\/\\\/secure.gravatar.com\\\/avatar\\\/ad41d1367e600f3333b5d28f9b4aaddd47dacf33dd383931a3c066d813ee255c?s=96&d=mm&r=g\",\"url\":\"https:\\\/\\\/secure.gravatar.com\\\/avatar\\\/ad41d1367e600f3333b5d28f9b4aaddd47dacf33dd383931a3c066d813ee255c?s=96&d=mm&r=g\",\"contentUrl\":\"https:\\\/\\\/secure.gravatar.com\\\/avatar\\\/ad41d1367e600f3333b5d28f9b4aaddd47dacf33dd383931a3c066d813ee255c?s=96&d=mm&r=g\",\"caption\":\"Webmaster\"},\"url\":\"https:\\\/\\\/norrea.dk\\\/friskole\\\/author\\\/the-administrator\\\/\"}]}<\/script>\n<!-- \/ Yoast SEO plugin. -->","yoast_head_json":{"title":"Sommerferie 2025 (lukket i uge 29-31!) - N\u00f8rre\u00e5 Friskole","robots":{"index":"index","follow":"follow","max-snippet":"max-snippet:-1","max-image-preview":"max-image-preview:large","max-video-preview":"max-video-preview:-1"},"canonical":"https:\/\/norrea.dk\/friskole\/2024\/10\/21\/sommerferie-2025-lukket-i-uge-29-31\/","og_locale":"da_DK","og_type":"article","og_title":"Sommerferie 2025 (lukket i uge 29-31!) - N\u00f8rre\u00e5 Friskole","og_description":"V\u00e6r opm\u00e6rksom p\u00e5 at skolen og b\u00f8rnhuset er lukket i ugerne 29-31!!!","og_url":"https:\/\/norrea.dk\/friskole\/2024\/10\/21\/sommerferie-2025-lukket-i-uge-29-31\/","og_site_name":"N\u00f8rre\u00e5 Friskole","article_published_time":"2024-10-21T14:06:56+00:00","article_modified_time":"2024-10-21T14:11:14+00:00","author":"Webmaster","twitter_card":"summary_large_image","twitter_misc":{"Skrevet af":"Webmaster","Estimeret l\u00e6setid":"1 minut"},"schema":{"@context":"https:\/\/schema.org","@graph":[{"@type":"Article","@id":"https:\/\/norrea.dk\/friskole\/2024\/10\/21\/sommerferie-2025-lukket-i-uge-29-31\/#article","isPartOf":{"@id":"https:\/\/norrea.dk\/friskole\/2024\/10\/21\/sommerferie-2025-lukket-i-uge-29-31\/"},"author":{"name":"Webmaster","@id":"https:\/\/norrea.dk\/friskole\/#\/schema\/person\/430480758c20f5acea3d1081b61a4cf0"},"headline":"Sommerferie 2025 (lukket i uge 29-31!)","datePublished":"2024-10-21T14:06:56+00:00","dateModified":"2024-10-21T14:11:14+00:00","mainEntityOfPage":{"@id":"https:\/\/norrea.dk\/friskole\/2024\/10\/21\/sommerferie-2025-lukket-i-uge-29-31\/"},"wordCount":20,"publisher":{"@id":"https:\/\/norrea.dk\/friskole\/#organization"},"keywords":["Ferielukket","lukket","Sommerferie"],"articleSection":["Nyheder"],"inLanguage":"da-DK"},{"@type":"WebPage","@id":"https:\/\/norrea.dk\/friskole\/2024\/10\/21\/sommerferie-2025-lukket-i-uge-29-31\/","url":"https:\/\/norrea.dk\/friskole\/2024\/10\/21\/sommerferie-2025-lukket-i-uge-29-31\/","name":"Sommerferie 2025 (lukket i uge 29-31!) - N\u00f8rre\u00e5 Friskole","isPartOf":{"@id":"https:\/\/norrea.dk\/friskole\/#website"},"datePublished":"2024-10-21T14:06:56+00:00","dateModified":"2024-10-21T14:11:14+00:00","breadcrumb":{"@id":"https:\/\/norrea.dk\/friskole\/2024\/10\/21\/sommerferie-2025-lukket-i-uge-29-31\/#breadcrumb"},"inLanguage":"da-DK","potentialAction":[{"@type":"ReadAction","target":["https:\/\/norrea.dk\/friskole\/2024\/10\/21\/sommerferie-2025-lukket-i-uge-29-31\/"]}]},{"@type":"BreadcrumbList","@id":"https:\/\/norrea.dk\/friskole\/2024\/10\/21\/sommerferie-2025-lukket-i-uge-29-31\/#breadcrumb","itemListElement":[{"@type":"ListItem","position":1,"name":"Hjem","item":"https:\/\/norrea.dk\/friskole\/"},{"@type":"ListItem","position":2,"name":"Sommerferie 2025 (lukket i uge 29-31!)"}]},{"@type":"WebSite","@id":"https:\/\/norrea.dk\/friskole\/#website","url":"https:\/\/norrea.dk\/friskole\/","name":"N\u00f8rre\u00e5 Friskole","description":"0. - 9. klasse, SFO","publisher":{"@id":"https:\/\/norrea.dk\/friskole\/#organization"},"potentialAction":[{"@type":"SearchAction","target":{"@type":"EntryPoint","urlTemplate":"https:\/\/norrea.dk\/friskole\/?s={search_term_string}"},"query-input":{"@type":"PropertyValueSpecification","valueRequired":true,"valueName":"search_term_string"}}],"inLanguage":"da-DK"},{"@type":"Organization","@id":"https:\/\/norrea.dk\/friskole\/#organization","name":"N\u00f8rre\u00e5 Friskole","url":"https:\/\/norrea.dk\/friskole\/","logo":{"@type":"ImageObject","inLanguage":"da-DK","@id":"https:\/\/norrea.dk\/friskole\/#\/schema\/logo\/image\/","url":"https:\/\/norrea.dk\/friskole\/wp-content\/uploads\/sites\/2\/2020\/03\/cropped-logo_portal.png","contentUrl":"https:\/\/norrea.dk\/friskole\/wp-content\/uploads\/sites\/2\/2020\/03\/cropped-logo_portal.png","width":283,"height":215,"caption":"N\u00f8rre\u00e5 Friskole"},"image":{"@id":"https:\/\/norrea.dk\/friskole\/#\/schema\/logo\/image\/"}},{"@type":"Person","@id":"https:\/\/norrea.dk\/friskole\/#\/schema\/person\/430480758c20f5acea3d1081b61a4cf0","name":"Webmaster","image":{"@type":"ImageObject","inLanguage":"da-DK","@id":"https:\/\/secure.gravatar.com\/avatar\/ad41d1367e600f3333b5d28f9b4aaddd47dacf33dd383931a3c066d813ee255c?s=96&d=mm&r=g","url":"https:\/\/secure.gravatar.com\/avatar\/ad41d1367e600f3333b5d28f9b4aaddd47dacf33dd383931a3c066d813ee255c?s=96&d=mm&r=g","contentUrl":"https:\/\/secure.gravatar.com\/avatar\/ad41d1367e600f3333b5d28f9b4aaddd47dacf33dd383931a3c066d813ee255c?s=96&d=mm&r=g","caption":"Webmaster"},"url":"https:\/\/norrea.dk\/friskole\/author\/the-administrator\/"}]}},"amp_enabled":true,"_links":{"self":[{"href":"https:\/\/norrea.dk\/friskole\/wp-json\/wp\/v2\/posts\/672","targetHints":{"allow":["GET"]}}],"collection":[{"href":"https:\/\/norrea.dk\/friskole\/wp-json\/wp\/v2\/posts"}],"about":[{"href":"https:\/\/norrea.dk\/friskole\/wp-json\/wp\/v2\/types\/post"}],"author":[{"embeddable":true,"href":"https:\/\/norrea.dk\/friskole\/wp-json\/wp\/v2\/users\/1"}],"replies":[{"embeddable":true,"href":"https:\/\/norrea.dk\/friskole\/wp-json\/wp\/v2\/comments?post=672"}],"version-history":[{"count":1,"href":"https:\/\/norrea.dk\/friskole\/wp-json\/wp\/v2\/posts\/672\/revisions"}],"predecessor-version":[{"id":673,"href":"https:\/\/norrea.dk\/friskole\/wp-json\/wp\/v2\/posts\/672\/revisions\/673"}],"wp:attachment":[{"href":"https:\/\/norrea.dk\/friskole\/wp-json\/wp\/v2\/media?parent=672"}],"wp:term":[{"taxonomy":"category","embeddable":true,"href":"https:\/\/norrea.dk\/friskole\/wp-json\/wp\/v2\/categories?post=672"},{"taxonomy":"post_tag","embeddable":true,"href":"https:\/\/norrea.dk\/friskole\/wp-json\/wp\/v2\/tags?post=672"}],"curies":[{"name":"wp","href":"https:\/\/api.w.org\/{rel}","templated":true}]}}